{"id":5257,"date":"2023-07-25T12:06:08","date_gmt":"2023-07-25T10:06:08","guid":{"rendered":"https:\/\/7deribera.cat\/?p=5257"},"modified":"2023-07-25T12:06:08","modified_gmt":"2023-07-25T10:06:08","slug":"la-cabra-de-rasquera-i-el-teix-millenari","status":"publish","type":"post","link":"https:\/\/7deribera.cat\/es\/la-cabra-de-rasquera-i-el-teix-millenari\/","title":{"rendered":"La cabra de Rasquera y el tejo milenario"},"content":{"rendered":"<p>Dominguet es un chico muy cumplidor, siempre ayuda a su padre a pastar las cabras por las monta\u00f1as de Rasquera. Las cabras le gustan mucho, de color blanco y largos cuernos que se retuercen y enroscan.<\/p>\n<p>A Dominguet tambi\u00e9n le encanta pasear por las hermosas monta\u00f1as llenas de vegetaci\u00f3n, le gusta mucho imaginarse que est\u00e1 perdido en tierras extra\u00f1as donde es el primero en descubrir tribus ind\u00edgenas olvidadas por el mundo occidental.<\/p>\n<p>Al padre de Dominguet no le gusta mucho eso de que se despiste imaginando nuevos mundos.<\/p>\n<ul>\n<li>\u00a1Dominguet, eres una sue\u00f1a tortillas! Tienes que tener cuidado de las cabras, son muy importantes, ayudan a mantener nieto el bosque y nos dan de comer a nosotros. Hoy te cuidar\u00e1s t\u00fa de ellas, ve a pastar y sobre todo no pierdas ninguna.<\/li>\n<li>S\u00ed pap\u00e1, puedes confiar en m\u00ed.<\/li>\n<\/ul>\n<p>&nbsp;<\/p>\n<p>Dominguet cogi\u00f3 su bast\u00f3n y su reba\u00f1o de cabras blancas y empez\u00f3 a subir la monta\u00f1a. Al cabo de un rato y sin darse cuenta, volv\u00eda a estar en un mundo desconocido en el que intentaba encontrar la famosa tribu perdida. Mientras Dominguet estaba ocupado con sus aventuras las cabras blancas siguieron caminando hasta que se perdieron de vista.<\/p>\n<p>De repente Dominguet se dio cuenta de que no ve\u00eda ni una sola de sus valiosas cabras blancas y se asust\u00f3. Empez\u00f3 a correr monte arriba tan r\u00e1pido como sus piernas le permit\u00edan hasta que finalmente las vio.<\/p>\n<ul>\n<li>\u00a1Dios m\u00edo cabritas! Qu\u00e9 susto me hab\u00e9is dado.<\/li>\n<\/ul>\n<p>Dijo acariciando a una de sus cabritas que se miraba boquiabierta un peque\u00f1o \u00e1rbol.<\/p>\n<ul>\n<li>\u00bfTienes hambre?<\/li>\n<\/ul>\n<p>Pregunt\u00f3 Dominguet mientras arrancaba un par de hojas en el \u00e1rbol y le daba a su cabra.<\/p>\n<ul>\n<li>\u00a1Eso! \u2013 Se quej\u00f3 el \u00e1rbol.- \u00bfQu\u00e9 haces? \u00bfNo sabes qui\u00e9n soy yo? \u00a1Soy un tejo milenario! \u00a1Y \u00e9ste es el bosque m\u00e1s antiguo de Catalu\u00f1a!<\/li>\n<li>\u00a1Perdona! \u2013 Se apresur\u00f3 a disculparse en Dominguet.- \u00c9sta es una cabra blanca de Rasquera, y es la \u00faltima raza de cabra de Catalu\u00f1a.<\/li>\n<li>\u00a1A m\u00ed esto no me importa! Est\u00e1s en la Tejeda de Cosp y yo soy el rey aqu\u00ed. No quiero volver a verte.<\/li>\n<li>\u00a1Pero las cabritas no tienen la culpa! Ellas ayudan a limpiar el sotobosque, \u00a1son muy importantes!<\/li>\n<li>\u00a1No os necesitamos! Queda desterrados t\u00fa y tus cabras.<\/li>\n<\/ul>\n<p>En Dominguet reuni\u00f3 la manada de cabras y empez\u00f3 el descenso de la monta\u00f1a. Estaba muy triste, no sab\u00eda c\u00f3mo le contar\u00eda todo el que hab\u00eda pasado a su padre, tampoco lo creer\u00eda. Tan solo hab\u00eda arrancado dos hojas al viejo rey Tejo para darle a su cabrita.<\/p>\n<p>Cuando lleg\u00f3 a casa se decidi\u00f3 a contar la verdad a su padre.<\/p>\n<ul>\n<li>\u00bfYa vuelves a so\u00f1ar \"tortillas\"? \u00bfC\u00f3mo te tiene que hablar un tejo?<\/li>\n<li>\u00a1Es verdad!<\/li>\n<li>Bueno, no pasa nada hijo. Este rey Tejo milenario parece muy gru\u00f1\u00f3n. Si no nos quiere a la Teixeda de Cosp, no iremos m\u00e1s. Ya ver\u00e1s como bien pronto podemos volver.<\/li>\n<li>Las siguientes semanas su padre dej\u00f3 a en Dominguet la responsabilidad de pacer las cabras. El chico esquivaba la Teixeda de Cosp con tristeza, no se atrev\u00eda a entrar, aunque como le hab\u00eda dicho su padre, puede ser se lo hab\u00eda imaginado todo.<\/li>\n<\/ul>\n<p>Un d\u00eda en Dominguet sinti\u00f3 un olor extra\u00f1o y vio mucho humo que sal\u00eda del bosque. Corri\u00f3 hacia la Teixeda, pero los bomberos no lo dejaron pasar. Tendr\u00eda que esperar que apagaran el fuego y no hubiera peligro.<\/p>\n<p>Entr\u00f3 a la Teixeda y vio el rey Tejo en un rinc\u00f3n, se hab\u00eda salvado de milagro.<\/p>\n<ul>\n<li>Rey Tejo, he venido para ver si necesitas algo, me gustar\u00eda ayudarte.<\/li>\n<li>Hola chico. Lo siento mucho, siento haber-hueso hecho fuera a t\u00fa y tus cabritas, no me daba cuenta que eran tanto necesarias. Nos ayudaban a mantener el sotobosque y as\u00ed evitar los incendios.<\/li>\n<li>No os preocup\u00e1is rey Tejo, entre todos haremos que esta Teixeda est\u00e9 m\u00e1s cuidada que nunca.<\/li>\n<\/ul>\n<p>Y as\u00ed fue como la \u00faltima raza de cabra de Catalu\u00f1a se convirti\u00f3 con la guardiana del bosque m\u00e1s antiguo de Catalu\u00f1a.<\/p>","protected":false},"excerpt":{"rendered":"<p>En Dominguet \u00e9s un noi molt complidor, sempre ajuda al [&#8230;]<\/p>","protected":false},"author":2,"featured_media":5258,"comment_status":"closed","ping_status":"open","sticky":false,"template":"","format":"standard","meta":{"footnotes":""},"categories":[60],"tags":[],"class_list":["post-5257","post","type-post","status-publish","format-standard","has-post-thumbnail","hentry","category-blog"],"yoast_head":"<!-- This site is optimized with the Yoast SEO plugin v25.9 - https:\/\/yoast.com\/wordpress\/plugins\/seo\/ -->\n<title>La cabra de Rasquera i el teix mil\u00b7lenari - 7 de Ribera<\/title>\n<meta name=\"robots\" content=\"index, follow, max-snippet:-1, max-image-preview:large, max-video-preview:-1\" \/>\n<link rel=\"canonical\" href=\"https:\/\/7deribera.cat\/es\/la-cabra-de-rasquera-i-el-teix-millenari\/\" \/>\n<meta property=\"og:locale\" content=\"es_ES\" \/>\n<meta property=\"og:type\" content=\"article\" \/>\n<meta property=\"og:title\" content=\"La cabra de Rasquera i el teix mil\u00b7lenari - 7 de Ribera\" \/>\n<meta property=\"og:description\" content=\"En Dominguet \u00e9s un noi molt complidor, sempre ajuda al [...]\" \/>\n<meta property=\"og:url\" content=\"https:\/\/7deribera.cat\/es\/la-cabra-de-rasquera-i-el-teix-millenari\/\" \/>\n<meta property=\"og:site_name\" content=\"7 de Ribera\" \/>\n<meta property=\"article:published_time\" content=\"2023-07-25T10:06:08+00:00\" \/>\n<meta property=\"og:image\" content=\"https:\/\/7deribera.cat\/wp-content\/uploads\/2023\/07\/La-cabra-de-Rasquera-i-el-teix-millenari.jpg\" \/>\n\t<meta property=\"og:image:width\" content=\"596\" \/>\n\t<meta property=\"og:image:height\" content=\"450\" \/>\n\t<meta property=\"og:image:type\" content=\"image\/jpeg\" \/>\n<meta name=\"author\" content=\"maite\" \/>\n<meta name=\"twitter:card\" content=\"summary_large_image\" \/>\n<meta name=\"twitter:label1\" content=\"Escrito por\" \/>\n\t<meta name=\"twitter:data1\" content=\"maite\" \/>\n\t<meta name=\"twitter:label2\" content=\"Tiempo de lectura\" \/>\n\t<meta name=\"twitter:data2\" content=\"4 minutos\" \/>\n<script type=\"application\/ld+json\" class=\"yoast-schema-graph\">{\"@context\":\"https:\/\/schema.org\",\"@graph\":[{\"@type\":\"WebPage\",\"@id\":\"https:\/\/7deribera.cat\/la-cabra-de-rasquera-i-el-teix-millenari\/\",\"url\":\"https:\/\/7deribera.cat\/la-cabra-de-rasquera-i-el-teix-millenari\/\",\"name\":\"La cabra de Rasquera i el teix mil\u00b7lenari - 7 de Ribera\",\"isPartOf\":{\"@id\":\"https:\/\/7deribera.cat\/#website\"},\"primaryImageOfPage\":{\"@id\":\"https:\/\/7deribera.cat\/la-cabra-de-rasquera-i-el-teix-millenari\/#primaryimage\"},\"image\":{\"@id\":\"https:\/\/7deribera.cat\/la-cabra-de-rasquera-i-el-teix-millenari\/#primaryimage\"},\"thumbnailUrl\":\"https:\/\/7deribera.cat\/wp-content\/uploads\/2023\/07\/La-cabra-de-Rasquera-i-el-teix-millenari.jpg\",\"datePublished\":\"2023-07-25T10:06:08+00:00\",\"author\":{\"@id\":\"https:\/\/7deribera.cat\/#\/schema\/person\/a85ef74e037a95e907fd8415c4f6d145\"},\"breadcrumb\":{\"@id\":\"https:\/\/7deribera.cat\/la-cabra-de-rasquera-i-el-teix-millenari\/#breadcrumb\"},\"inLanguage\":\"es\",\"potentialAction\":[{\"@type\":\"ReadAction\",\"target\":[\"https:\/\/7deribera.cat\/la-cabra-de-rasquera-i-el-teix-millenari\/\"]}]},{\"@type\":\"ImageObject\",\"inLanguage\":\"es\",\"@id\":\"https:\/\/7deribera.cat\/la-cabra-de-rasquera-i-el-teix-millenari\/#primaryimage\",\"url\":\"https:\/\/7deribera.cat\/wp-content\/uploads\/2023\/07\/La-cabra-de-Rasquera-i-el-teix-millenari.jpg\",\"contentUrl\":\"https:\/\/7deribera.cat\/wp-content\/uploads\/2023\/07\/La-cabra-de-Rasquera-i-el-teix-millenari.jpg\",\"width\":596,\"height\":450,\"caption\":\"Ramat de cabres.\"},{\"@type\":\"BreadcrumbList\",\"@id\":\"https:\/\/7deribera.cat\/la-cabra-de-rasquera-i-el-teix-millenari\/#breadcrumb\",\"itemListElement\":[{\"@type\":\"ListItem\",\"position\":1,\"name\":\"Inici\",\"item\":\"https:\/\/7deribera.cat\/\"},{\"@type\":\"ListItem\",\"position\":2,\"name\":\"La cabra de Rasquera i el teix mil\u00b7lenari\"}]},{\"@type\":\"WebSite\",\"@id\":\"https:\/\/7deribera.cat\/#website\",\"url\":\"https:\/\/7deribera.cat\/\",\"name\":\"7 de Ribera\",\"description\":\"Biosfera Comestible\",\"potentialAction\":[{\"@type\":\"SearchAction\",\"target\":{\"@type\":\"EntryPoint\",\"urlTemplate\":\"https:\/\/7deribera.cat\/?s={search_term_string}\"},\"query-input\":{\"@type\":\"PropertyValueSpecification\",\"valueRequired\":true,\"valueName\":\"search_term_string\"}}],\"inLanguage\":\"es\"},{\"@type\":\"Person\",\"@id\":\"https:\/\/7deribera.cat\/#\/schema\/person\/a85ef74e037a95e907fd8415c4f6d145\",\"name\":\"maite\",\"image\":{\"@type\":\"ImageObject\",\"inLanguage\":\"es\",\"@id\":\"https:\/\/7deribera.cat\/#\/schema\/person\/image\/\",\"url\":\"https:\/\/secure.gravatar.com\/avatar\/ec53830059f577696ff10636b331dbfc99646a3bf2e96d1ab42b9342c79fbcf4?s=96&d=mm&r=g\",\"contentUrl\":\"https:\/\/secure.gravatar.com\/avatar\/ec53830059f577696ff10636b331dbfc99646a3bf2e96d1ab42b9342c79fbcf4?s=96&d=mm&r=g\",\"caption\":\"maite\"},\"url\":\"https:\/\/7deribera.cat\/es\/author\/maite\/\"}]}<\/script>\n<!-- \/ Yoast SEO plugin. -->","yoast_head_json":{"title":"La cabra de Rasquera i el teix mil\u00b7lenari - 7 de Ribera","robots":{"index":"index","follow":"follow","max-snippet":"max-snippet:-1","max-image-preview":"max-image-preview:large","max-video-preview":"max-video-preview:-1"},"canonical":"https:\/\/7deribera.cat\/es\/la-cabra-de-rasquera-i-el-teix-millenari\/","og_locale":"es_ES","og_type":"article","og_title":"La cabra de Rasquera i el teix mil\u00b7lenari - 7 de Ribera","og_description":"En Dominguet \u00e9s un noi molt complidor, sempre ajuda al [...]","og_url":"https:\/\/7deribera.cat\/es\/la-cabra-de-rasquera-i-el-teix-millenari\/","og_site_name":"7 de Ribera","article_published_time":"2023-07-25T10:06:08+00:00","og_image":[{"width":596,"height":450,"url":"https:\/\/7deribera.cat\/wp-content\/uploads\/2023\/07\/La-cabra-de-Rasquera-i-el-teix-millenari.jpg","type":"image\/jpeg"}],"author":"maite","twitter_card":"summary_large_image","twitter_misc":{"Escrito por":"maite","Tiempo de lectura":"4 minutos"},"schema":{"@context":"https:\/\/schema.org","@graph":[{"@type":"WebPage","@id":"https:\/\/7deribera.cat\/la-cabra-de-rasquera-i-el-teix-millenari\/","url":"https:\/\/7deribera.cat\/la-cabra-de-rasquera-i-el-teix-millenari\/","name":"La cabra de Rasquera i el teix mil\u00b7lenari - 7 de Ribera","isPartOf":{"@id":"https:\/\/7deribera.cat\/#website"},"primaryImageOfPage":{"@id":"https:\/\/7deribera.cat\/la-cabra-de-rasquera-i-el-teix-millenari\/#primaryimage"},"image":{"@id":"https:\/\/7deribera.cat\/la-cabra-de-rasquera-i-el-teix-millenari\/#primaryimage"},"thumbnailUrl":"https:\/\/7deribera.cat\/wp-content\/uploads\/2023\/07\/La-cabra-de-Rasquera-i-el-teix-millenari.jpg","datePublished":"2023-07-25T10:06:08+00:00","author":{"@id":"https:\/\/7deribera.cat\/#\/schema\/person\/a85ef74e037a95e907fd8415c4f6d145"},"breadcrumb":{"@id":"https:\/\/7deribera.cat\/la-cabra-de-rasquera-i-el-teix-millenari\/#breadcrumb"},"inLanguage":"es","potentialAction":[{"@type":"ReadAction","target":["https:\/\/7deribera.cat\/la-cabra-de-rasquera-i-el-teix-millenari\/"]}]},{"@type":"ImageObject","inLanguage":"es","@id":"https:\/\/7deribera.cat\/la-cabra-de-rasquera-i-el-teix-millenari\/#primaryimage","url":"https:\/\/7deribera.cat\/wp-content\/uploads\/2023\/07\/La-cabra-de-Rasquera-i-el-teix-millenari.jpg","contentUrl":"https:\/\/7deribera.cat\/wp-content\/uploads\/2023\/07\/La-cabra-de-Rasquera-i-el-teix-millenari.jpg","width":596,"height":450,"caption":"Ramat de cabres."},{"@type":"BreadcrumbList","@id":"https:\/\/7deribera.cat\/la-cabra-de-rasquera-i-el-teix-millenari\/#breadcrumb","itemListElement":[{"@type":"ListItem","position":1,"name":"Inici","item":"https:\/\/7deribera.cat\/"},{"@type":"ListItem","position":2,"name":"La cabra de Rasquera i el teix mil\u00b7lenari"}]},{"@type":"WebSite","@id":"https:\/\/7deribera.cat\/#website","url":"https:\/\/7deribera.cat\/","name":"7 de Ribera","description":"Biosfera Comestible","potentialAction":[{"@type":"SearchAction","target":{"@type":"EntryPoint","urlTemplate":"https:\/\/7deribera.cat\/?s={search_term_string}"},"query-input":{"@type":"PropertyValueSpecification","valueRequired":true,"valueName":"search_term_string"}}],"inLanguage":"es"},{"@type":"Person","@id":"https:\/\/7deribera.cat\/#\/schema\/person\/a85ef74e037a95e907fd8415c4f6d145","name":"maite","image":{"@type":"ImageObject","inLanguage":"es","@id":"https:\/\/7deribera.cat\/#\/schema\/person\/image\/","url":"https:\/\/secure.gravatar.com\/avatar\/ec53830059f577696ff10636b331dbfc99646a3bf2e96d1ab42b9342c79fbcf4?s=96&d=mm&r=g","contentUrl":"https:\/\/secure.gravatar.com\/avatar\/ec53830059f577696ff10636b331dbfc99646a3bf2e96d1ab42b9342c79fbcf4?s=96&d=mm&r=g","caption":"maite"},"url":"https:\/\/7deribera.cat\/es\/author\/maite\/"}]}},"_links":{"self":[{"href":"https:\/\/7deribera.cat\/es\/wp-json\/wp\/v2\/posts\/5257","targetHints":{"allow":["GET"]}}],"collection":[{"href":"https:\/\/7deribera.cat\/es\/wp-json\/wp\/v2\/posts"}],"about":[{"href":"https:\/\/7deribera.cat\/es\/wp-json\/wp\/v2\/types\/post"}],"author":[{"embeddable":true,"href":"https:\/\/7deribera.cat\/es\/wp-json\/wp\/v2\/users\/2"}],"replies":[{"embeddable":true,"href":"https:\/\/7deribera.cat\/es\/wp-json\/wp\/v2\/comments?post=5257"}],"version-history":[{"count":1,"href":"https:\/\/7deribera.cat\/es\/wp-json\/wp\/v2\/posts\/5257\/revisions"}],"predecessor-version":[{"id":5259,"href":"https:\/\/7deribera.cat\/es\/wp-json\/wp\/v2\/posts\/5257\/revisions\/5259"}],"wp:featuredmedia":[{"embeddable":true,"href":"https:\/\/7deribera.cat\/es\/wp-json\/wp\/v2\/media\/5258"}],"wp:attachment":[{"href":"https:\/\/7deribera.cat\/es\/wp-json\/wp\/v2\/media?parent=5257"}],"wp:term":[{"taxonomy":"category","embeddable":true,"href":"https:\/\/7deribera.cat\/es\/wp-json\/wp\/v2\/categories?post=5257"},{"taxonomy":"post_tag","embeddable":true,"href":"https:\/\/7deribera.cat\/es\/wp-json\/wp\/v2\/tags?post=5257"}],"curies":[{"name":"wp","href":"https:\/\/api.w.org\/{rel}","templated":true}]}}