{"id":5254,"date":"2023-07-25T12:05:07","date_gmt":"2023-07-25T10:05:07","guid":{"rendered":"https:\/\/7deribera.cat\/?p=5254"},"modified":"2023-07-25T12:05:07","modified_gmt":"2023-07-25T10:05:07","slug":"cata-degustacio","status":"publish","type":"post","link":"https:\/\/7deribera.cat\/es\/cata-degustacio\/","title":{"rendered":"\u2013 I Afterwork \u2013 Cata&amp;Degustaci\u00f3n"},"content":{"rendered":"<h2>Los mejores productos con la mejor compa\u00f1\u00eda<\/h2>\n<p>Este pasado viernes 13 de abril, celebramos el primero, del que esperamos sean muchos, Afterwork.<\/p>\n<p>La cita consist\u00eda en un encuentro informal despu\u00e9s del trabajo, para relajarnos, degustar y descubrir nuevos productos de nuestra tierra.<\/p>\n<p>El encuentro se llev\u00f3 a cabo en el espacio del 7 de Ribera, un espacio \u00fanico en M\u00f3ra d'Ebre, rodeados por la calidez de los materiales caracter\u00edsticos de la zona, la piedra y la madera, y el escaparate de los productos de nuestras tierras. El r\u00edo a tocar de la tienda nos acompa\u00f1a y juntamente bajo la atenta mirada del castillo que se encuentra situado en pocos metros, propician uno de los mejores contextos para rodearnos de nuestra cultura y nuestra natura. Un momento ideal para visitar esta agrobotiga, puesto que el r\u00edo se encuentra en su nivel m\u00e1s alto, confiriendo un imponente espect\u00e1culo de fuerza y contundencia que nos sirve de recordatorio que la fuerza de la naturaleza es imparable.<\/p>\n<p>&nbsp;<\/p>\n<p>Con la colaboraci\u00f3n de la bodega Su\u00f1er, llevamos a cabo una cata de vinos con degustaci\u00f3n de los productos cultivados y elaborados con la ilusi\u00f3n y delicadeza propia de nuestros artesanos. Esta selecci\u00f3n de productos la  pod\u00e9is encontrar en nuestra p\u00e1gina web y a la agrobotiga del 7 de Ribera.<\/p>\n<p>4 vins \u00fanics i 4 plats elaborats amb imaginaci\u00f3, i dissenyats per maximitzar els gustos en el nostre paladar.<\/p>\n<p>Uno de los primeros vinos que tuvimos el placer de degustar fue el vino blanco Macabeo. Un vino joven, brillando, fresco, intenso y persistente. Lo acompa\u00f1amos de uno de los platos estrella de la noche, unos huevos estrellados con setas. Un plato elaborado con productos ecol\u00f3gicos de primera calidad que despertaron admiraci\u00f3n entre los asistentes, un comienzo inmejorable por nuestra velada enogastron\u00f2mica.<\/p>\n<p>El segundo vino, fue lo inconfundible vino blanco Ac\u00e0sia. Un vino monovarietal, de la variedad insignia de las Tierras del Ebro, el macabeo. Su aroma a fruta blanca y c\u00edtricos armoniza con notas florales obsequiadas por la madera de la acacia. Una apuesta \u00fanica, que los de la bodega Su\u00f1er han acertado sin duda.  El segundo plato para acompa\u00f1ar este vino tan excepcional fue uno de los platos m\u00e1s famoso, sin duda, de nuestras comarcas, la \"clotxa\". Su reinado impera sobre la Ribera de Ebro inconfundiblemente, elev\u00e1ndolo a patrimonio de esta comarca. Una mini \"clotxa\", que mezcla el sabor dulce del tomate, la cebolla y el ajo, con la salobridad de la sardina de casco, todo regado con el oro l\u00edquido que producimos en esta zona, el aceite de hoja de sauce, variedad original de nuestra comarca. \u00a1Una explosi\u00f3n de sabores que no deja indiferente\u2026 los que la prueban, repiten!<\/p>\n<p>En este punto pasamos a los negros. En tercer lugar, el Su\u00f1er Merlot, un vino joven y ecol\u00f3gico, cultivado al lado del r\u00edo. El resultado de esta vi\u00f1a en situaci\u00f3n privilegiada, es un vino con equilibrio arom\u00e1tico, muy agradable al paladar y con el car\u00e1cter propio de nuestra tierra. Acompa\u00f1amos este vino joven, con unas croquetas de arroz y br\u00e9col ecol\u00f3gico, con un toque de gusto lejano que le aporta una especie a la cual no estamos acostumbrados, la c\u00farcuma. Esta especie se ha hecho un nombre propio en los \u00faltimos a\u00f1os, gracias a sus innumerables propiedades y su sabor.<\/p>\n<p>El siguiente vino, el Mosca Negra. Con mucho de cuerpo y una presencia impecable en el paladar, se trata de una crianza, que como reza su hashtag, es un vino que te encender\u00e1! No solo destaca por su nombre, este es sin duda un vino que se queda en el recuerdo.<\/p>\n<p>Este vino lo acompa\u00f1amos de un plato con una presentaci\u00f3n que no se queda atr\u00e1s de su acompa\u00f1ante. A la altura de este vino estuvo el rulo de pollo con setas que descansaba sobre una tostada con pat\u00e9 de berenjena. Una experiencia \u00fanica por nuestros sentidos, la textura suave de este plato contrastaba con el crujiente de su base, mezclando texturas y sabores, que nos van a deleitar.<\/p>\n<p>Por \u00faltimo, la bodega Su\u00f1er, nos llev\u00f3 una propuesta original y diferente como fue lo mohito de vino rosado. Una excelente idea que sorprendi\u00f3 a todos los asistentes por su frescura, su sabor y su color. Esta propuesta tan innovadora la acompa\u00f1amos de uno de los postres m\u00e1s tradicionales de nuestra comarca, el pastelillo. El nuez y el viejo se unieron para poner el punto final a nuestro encuentro, dejando uno de los mejores sabores de boca y las ganas de volverlo a repetir.<\/p>\n<p>Esta primera presa de contacto fue todo un \u00e9xito de asistencia y de calidad de los productos ofrecidos.<\/p>\n<p>Tanto la bodega Su\u00f1er, como el 7 de Ribera y nosotros, BiosferaComestible, queremos dar las gracias a todos los que hicieron posible este acto, a la asistencia de todos los participantes y el buen recibimiento que tuvo nuestra propuesta.<\/p>\n<p><a href=\"http:\/\/vinsiolisuner.com\/\">http:\/\/vinsiolisuner.com\/<\/a><\/p>","protected":false},"excerpt":{"rendered":"<p>Els millors productes amb la millor companyia Aquest passat divendres [&#8230;]<\/p>","protected":false},"author":2,"featured_media":5255,"comment_status":"closed","ping_status":"open","sticky":false,"template":"","format":"standard","meta":{"footnotes":""},"categories":[60],"tags":[],"class_list":["post-5254","post","type-post","status-publish","format-standard","has-post-thumbnail","hentry","category-blog"],"yoast_head":"<!-- This site is optimized with the Yoast SEO plugin v25.9 - https:\/\/yoast.com\/wordpress\/plugins\/seo\/ -->\n<title>\u2013 I Afterwork \u2013 Cata&amp;Degustaci\u00f3 - 7 de Ribera<\/title>\n<meta name=\"robots\" content=\"index, follow, max-snippet:-1, max-image-preview:large, max-video-preview:-1\" \/>\n<link rel=\"canonical\" href=\"https:\/\/7deribera.cat\/es\/cata-degustacio\/\" \/>\n<meta property=\"og:locale\" content=\"es_ES\" \/>\n<meta property=\"og:type\" content=\"article\" \/>\n<meta property=\"og:title\" content=\"\u2013 I Afterwork \u2013 Cata&amp;Degustaci\u00f3 - 7 de Ribera\" \/>\n<meta property=\"og:description\" content=\"Els millors productes amb la millor companyia Aquest passat divendres [...]\" \/>\n<meta property=\"og:url\" content=\"https:\/\/7deribera.cat\/es\/cata-degustacio\/\" \/>\n<meta property=\"og:site_name\" content=\"7 de Ribera\" \/>\n<meta property=\"article:published_time\" content=\"2023-07-25T10:05:07+00:00\" \/>\n<meta property=\"og:image\" content=\"https:\/\/7deribera.cat\/wp-content\/uploads\/2023\/07\/IMG_20180413_202531-1138x450-1.jpg\" \/>\n\t<meta property=\"og:image:width\" content=\"1138\" \/>\n\t<meta property=\"og:image:height\" content=\"450\" \/>\n\t<meta property=\"og:image:type\" content=\"image\/jpeg\" \/>\n<meta name=\"author\" content=\"maite\" \/>\n<meta name=\"twitter:card\" content=\"summary_large_image\" \/>\n<meta name=\"twitter:label1\" content=\"Escrito por\" \/>\n\t<meta name=\"twitter:data1\" content=\"maite\" \/>\n\t<meta name=\"twitter:label2\" content=\"Tiempo de lectura\" \/>\n\t<meta name=\"twitter:data2\" content=\"5 minutos\" \/>\n<script type=\"application\/ld+json\" class=\"yoast-schema-graph\">{\"@context\":\"https:\/\/schema.org\",\"@graph\":[{\"@type\":\"WebPage\",\"@id\":\"https:\/\/7deribera.cat\/cata-degustacio\/\",\"url\":\"https:\/\/7deribera.cat\/cata-degustacio\/\",\"name\":\"\u2013 I Afterwork \u2013 Cata&Degustaci\u00f3 - 7 de Ribera\",\"isPartOf\":{\"@id\":\"https:\/\/7deribera.cat\/#website\"},\"primaryImageOfPage\":{\"@id\":\"https:\/\/7deribera.cat\/cata-degustacio\/#primaryimage\"},\"image\":{\"@id\":\"https:\/\/7deribera.cat\/cata-degustacio\/#primaryimage\"},\"thumbnailUrl\":\"https:\/\/7deribera.cat\/wp-content\/uploads\/2023\/07\/IMG_20180413_202531-1138x450-1.jpg\",\"datePublished\":\"2023-07-25T10:05:07+00:00\",\"author\":{\"@id\":\"https:\/\/7deribera.cat\/#\/schema\/person\/a85ef74e037a95e907fd8415c4f6d145\"},\"breadcrumb\":{\"@id\":\"https:\/\/7deribera.cat\/cata-degustacio\/#breadcrumb\"},\"inLanguage\":\"es\",\"potentialAction\":[{\"@type\":\"ReadAction\",\"target\":[\"https:\/\/7deribera.cat\/cata-degustacio\/\"]}]},{\"@type\":\"ImageObject\",\"inLanguage\":\"es\",\"@id\":\"https:\/\/7deribera.cat\/cata-degustacio\/#primaryimage\",\"url\":\"https:\/\/7deribera.cat\/wp-content\/uploads\/2023\/07\/IMG_20180413_202531-1138x450-1.jpg\",\"contentUrl\":\"https:\/\/7deribera.cat\/wp-content\/uploads\/2023\/07\/IMG_20180413_202531-1138x450-1.jpg\",\"width\":1138,\"height\":450,\"caption\":\"Tast de vins de 7 de Ribera.\"},{\"@type\":\"BreadcrumbList\",\"@id\":\"https:\/\/7deribera.cat\/cata-degustacio\/#breadcrumb\",\"itemListElement\":[{\"@type\":\"ListItem\",\"position\":1,\"name\":\"Inici\",\"item\":\"https:\/\/7deribera.cat\/\"},{\"@type\":\"ListItem\",\"position\":2,\"name\":\"\u2013 I Afterwork \u2013 Cata&#038;Degustaci\u00f3\"}]},{\"@type\":\"WebSite\",\"@id\":\"https:\/\/7deribera.cat\/#website\",\"url\":\"https:\/\/7deribera.cat\/\",\"name\":\"7 de Ribera\",\"description\":\"Biosfera Comestible\",\"potentialAction\":[{\"@type\":\"SearchAction\",\"target\":{\"@type\":\"EntryPoint\",\"urlTemplate\":\"https:\/\/7deribera.cat\/?s={search_term_string}\"},\"query-input\":{\"@type\":\"PropertyValueSpecification\",\"valueRequired\":true,\"valueName\":\"search_term_string\"}}],\"inLanguage\":\"es\"},{\"@type\":\"Person\",\"@id\":\"https:\/\/7deribera.cat\/#\/schema\/person\/a85ef74e037a95e907fd8415c4f6d145\",\"name\":\"maite\",\"image\":{\"@type\":\"ImageObject\",\"inLanguage\":\"es\",\"@id\":\"https:\/\/7deribera.cat\/#\/schema\/person\/image\/\",\"url\":\"https:\/\/secure.gravatar.com\/avatar\/ec53830059f577696ff10636b331dbfc99646a3bf2e96d1ab42b9342c79fbcf4?s=96&d=mm&r=g\",\"contentUrl\":\"https:\/\/secure.gravatar.com\/avatar\/ec53830059f577696ff10636b331dbfc99646a3bf2e96d1ab42b9342c79fbcf4?s=96&d=mm&r=g\",\"caption\":\"maite\"},\"url\":\"https:\/\/7deribera.cat\/es\/author\/maite\/\"}]}<\/script>\n<!-- \/ Yoast SEO plugin. -->","yoast_head_json":{"title":"\u2013 I Afterwork \u2013 Cata&Degustaci\u00f3 - 7 de Ribera","robots":{"index":"index","follow":"follow","max-snippet":"max-snippet:-1","max-image-preview":"max-image-preview:large","max-video-preview":"max-video-preview:-1"},"canonical":"https:\/\/7deribera.cat\/es\/cata-degustacio\/","og_locale":"es_ES","og_type":"article","og_title":"\u2013 I Afterwork \u2013 Cata&Degustaci\u00f3 - 7 de Ribera","og_description":"Els millors productes amb la millor companyia Aquest passat divendres [...]","og_url":"https:\/\/7deribera.cat\/es\/cata-degustacio\/","og_site_name":"7 de Ribera","article_published_time":"2023-07-25T10:05:07+00:00","og_image":[{"width":1138,"height":450,"url":"https:\/\/7deribera.cat\/wp-content\/uploads\/2023\/07\/IMG_20180413_202531-1138x450-1.jpg","type":"image\/jpeg"}],"author":"maite","twitter_card":"summary_large_image","twitter_misc":{"Escrito por":"maite","Tiempo de lectura":"5 minutos"},"schema":{"@context":"https:\/\/schema.org","@graph":[{"@type":"WebPage","@id":"https:\/\/7deribera.cat\/cata-degustacio\/","url":"https:\/\/7deribera.cat\/cata-degustacio\/","name":"\u2013 I Afterwork \u2013 Cata&Degustaci\u00f3 - 7 de Ribera","isPartOf":{"@id":"https:\/\/7deribera.cat\/#website"},"primaryImageOfPage":{"@id":"https:\/\/7deribera.cat\/cata-degustacio\/#primaryimage"},"image":{"@id":"https:\/\/7deribera.cat\/cata-degustacio\/#primaryimage"},"thumbnailUrl":"https:\/\/7deribera.cat\/wp-content\/uploads\/2023\/07\/IMG_20180413_202531-1138x450-1.jpg","datePublished":"2023-07-25T10:05:07+00:00","author":{"@id":"https:\/\/7deribera.cat\/#\/schema\/person\/a85ef74e037a95e907fd8415c4f6d145"},"breadcrumb":{"@id":"https:\/\/7deribera.cat\/cata-degustacio\/#breadcrumb"},"inLanguage":"es","potentialAction":[{"@type":"ReadAction","target":["https:\/\/7deribera.cat\/cata-degustacio\/"]}]},{"@type":"ImageObject","inLanguage":"es","@id":"https:\/\/7deribera.cat\/cata-degustacio\/#primaryimage","url":"https:\/\/7deribera.cat\/wp-content\/uploads\/2023\/07\/IMG_20180413_202531-1138x450-1.jpg","contentUrl":"https:\/\/7deribera.cat\/wp-content\/uploads\/2023\/07\/IMG_20180413_202531-1138x450-1.jpg","width":1138,"height":450,"caption":"Tast de vins de 7 de Ribera."},{"@type":"BreadcrumbList","@id":"https:\/\/7deribera.cat\/cata-degustacio\/#breadcrumb","itemListElement":[{"@type":"ListItem","position":1,"name":"Inici","item":"https:\/\/7deribera.cat\/"},{"@type":"ListItem","position":2,"name":"\u2013 I Afterwork \u2013 Cata&#038;Degustaci\u00f3"}]},{"@type":"WebSite","@id":"https:\/\/7deribera.cat\/#website","url":"https:\/\/7deribera.cat\/","name":"7 de Ribera","description":"Biosfera Comestible","potentialAction":[{"@type":"SearchAction","target":{"@type":"EntryPoint","urlTemplate":"https:\/\/7deribera.cat\/?s={search_term_string}"},"query-input":{"@type":"PropertyValueSpecification","valueRequired":true,"valueName":"search_term_string"}}],"inLanguage":"es"},{"@type":"Person","@id":"https:\/\/7deribera.cat\/#\/schema\/person\/a85ef74e037a95e907fd8415c4f6d145","name":"maite","image":{"@type":"ImageObject","inLanguage":"es","@id":"https:\/\/7deribera.cat\/#\/schema\/person\/image\/","url":"https:\/\/secure.gravatar.com\/avatar\/ec53830059f577696ff10636b331dbfc99646a3bf2e96d1ab42b9342c79fbcf4?s=96&d=mm&r=g","contentUrl":"https:\/\/secure.gravatar.com\/avatar\/ec53830059f577696ff10636b331dbfc99646a3bf2e96d1ab42b9342c79fbcf4?s=96&d=mm&r=g","caption":"maite"},"url":"https:\/\/7deribera.cat\/es\/author\/maite\/"}]}},"_links":{"self":[{"href":"https:\/\/7deribera.cat\/es\/wp-json\/wp\/v2\/posts\/5254","targetHints":{"allow":["GET"]}}],"collection":[{"href":"https:\/\/7deribera.cat\/es\/wp-json\/wp\/v2\/posts"}],"about":[{"href":"https:\/\/7deribera.cat\/es\/wp-json\/wp\/v2\/types\/post"}],"author":[{"embeddable":true,"href":"https:\/\/7deribera.cat\/es\/wp-json\/wp\/v2\/users\/2"}],"replies":[{"embeddable":true,"href":"https:\/\/7deribera.cat\/es\/wp-json\/wp\/v2\/comments?post=5254"}],"version-history":[{"count":1,"href":"https:\/\/7deribera.cat\/es\/wp-json\/wp\/v2\/posts\/5254\/revisions"}],"predecessor-version":[{"id":5256,"href":"https:\/\/7deribera.cat\/es\/wp-json\/wp\/v2\/posts\/5254\/revisions\/5256"}],"wp:featuredmedia":[{"embeddable":true,"href":"https:\/\/7deribera.cat\/es\/wp-json\/wp\/v2\/media\/5255"}],"wp:attachment":[{"href":"https:\/\/7deribera.cat\/es\/wp-json\/wp\/v2\/media?parent=5254"}],"wp:term":[{"taxonomy":"category","embeddable":true,"href":"https:\/\/7deribera.cat\/es\/wp-json\/wp\/v2\/categories?post=5254"},{"taxonomy":"post_tag","embeddable":true,"href":"https:\/\/7deribera.cat\/es\/wp-json\/wp\/v2\/tags?post=5254"}],"curies":[{"name":"wp","href":"https:\/\/api.w.org\/{rel}","templated":true}]}}