{"id":5225,"date":"2023-07-25T11:23:05","date_gmt":"2023-07-25T09:23:05","guid":{"rendered":"https:\/\/7deribera.cat\/?p=5225"},"modified":"2023-07-25T12:01:40","modified_gmt":"2023-07-25T10:01:40","slug":"oli-del-raig","status":"publish","type":"post","link":"https:\/\/7deribera.cat\/es\/oli-del-raig\/","title":{"rendered":"Aceite del chorro"},"content":{"rendered":"<div class=\"fusion-fullwidth fullwidth-box fusion-builder-row-1 fusion-flex-container nonhundred-percent-fullwidth non-hundred-percent-height-scrolling\" style=\"--awb-border-radius-top-left:0px;--awb-border-radius-top-right:0px;--awb-border-radius-bottom-right:0px;--awb-border-radius-bottom-left:0px;--awb-padding-top:0%;--awb-flex-wrap:wrap;\" ><div class=\"fusion-builder-row fusion-row fusion-flex-align-items-flex-start fusion-flex-content-wrap\" style=\"max-width:1378px;margin-left: calc(-4% \/ 2 );margin-right: calc(-4% \/ 2 );\"><div class=\"fusion-layout-column fusion_builder_column fusion-builder-column-0 fusion_builder_column_1_1 1_1 fusion-flex-column\" style=\"--awb-bg-blend:overlay;--awb-bg-size:cover;--awb-width-large:100%;--awb-margin-top-large:0px;--awb-spacing-right-large:1.92%;--awb-margin-bottom-large:0px;--awb-spacing-left-large:1.92%;--awb-width-medium:100%;--awb-spacing-right-medium:1.92%;--awb-spacing-left-medium:1.92%;--awb-width-small:100%;--awb-spacing-right-small:1.92%;--awb-spacing-left-small:1.92%;\"><div class=\"fusion-column-wrapper fusion-flex-justify-content-flex-start fusion-content-layout-column\"><div class=\"fusion-text fusion-text-1\"><h1 style=\"text-align: center;\">Ya tenemos aqu\u00ed el aceite de chorro<\/h1>\n<h2 style=\"text-align: center;\">\u00a1Una explosi\u00f3n de sabor y aromas que acaricia los sentidos!<\/h2>\n<p>Cuando llega noviembre damos el pistoletazo de salida a la nueva temporada de aceites. \u00bfY qu\u00e9 mejor bienvenida que con el aceite del chorro?<\/p>\n<p>Muchos se preguntar\u00e1n que es el aceite del chorro, y qu\u00e9 diferencia hay con el aceite normal, \u00a1as\u00ed que meteremos hilo en la aguja y os contaremos qu\u00e9 tiene de especial este aceite del que todo el mundo habla!<\/p>\n<p>Existen cuatro diferencias esenciales que caracterizan al aceite del chorro.<\/p>\n<p>Las aceitunas son las <strong>primeras de la temporada<\/strong> y estas se encuentran en el punto \u00f3ptimo de maduraci\u00f3n, ya que son prensadas al poco de ser recogidas. Estas aceitunas son prensadas en fr\u00edo, lo que significa que no se superan los 70 grados cent\u00edgrados durante el proceso de prensa, lo que permite que el aceite conserve todas las propiedades nutricionales y el sabor de las aceitunas.<\/p>\n<p>La segunda diferencia, es que se trata de un aceite que <strong>no ha sido filtrado<\/strong>. Por tanto, el aceite conservar\u00e1 en suspensi\u00f3n unas micropart\u00edculas que provienen de la pulpa y la piel de la aceituna. Este hecho es lo que le otorga sus caracter\u00edsticos espesor y color verdoso. Esta diferencia por tanto, nos permitir\u00e1 diferenciar el aceite del chorro con solo mirarlo.<\/p>\n<p align=\"center\"><img decoding=\"async\" class=\"lazyload size-full wp-image-5227\" src=\"https:\/\/7deribera.cat\/wp-content\/uploads\/2023\/07\/Oli-del-raig1.jpg\" data-orig-src=\"https:\/\/7deribera.cat\/wp-content\/uploads\/2023\/07\/Oli-del-raig1.jpg\" alt=\"\" width=\"768\" height=\"1024\" srcset=\"data:image\/svg+xml,%3Csvg%20xmlns%3D%27http%3A%2F%2Fwww.w3.org%2F2000%2Fsvg%27%20width%3D%27768%27%20height%3D%271024%27%20viewBox%3D%270%200%20768%201024%27%3E%3Crect%20width%3D%27768%27%20height%3D%271024%27%20fill-opacity%3D%220%22%2F%3E%3C%2Fsvg%3E\" data-srcset=\"https:\/\/7deribera.cat\/wp-content\/uploads\/2023\/07\/Oli-del-raig1-9x12.jpg 9w, https:\/\/7deribera.cat\/wp-content\/uploads\/2023\/07\/Oli-del-raig1-200x267.jpg 200w, https:\/\/7deribera.cat\/wp-content\/uploads\/2023\/07\/Oli-del-raig1-225x300.jpg 225w, https:\/\/7deribera.cat\/wp-content\/uploads\/2023\/07\/Oli-del-raig1-400x533.jpg 400w, https:\/\/7deribera.cat\/wp-content\/uploads\/2023\/07\/Oli-del-raig1-500x667.jpg 500w, https:\/\/7deribera.cat\/wp-content\/uploads\/2023\/07\/Oli-del-raig1-600x800.jpg 600w, https:\/\/7deribera.cat\/wp-content\/uploads\/2023\/07\/Oli-del-raig1-700x933.jpg 700w, https:\/\/7deribera.cat\/wp-content\/uploads\/2023\/07\/Oli-del-raig1.jpg 768w\" data-sizes=\"auto\" data-orig-sizes=\"(max-width: 768px) 100vw, 768px\" \/><\/p>\n<p>La tercera diferencia reside en el <strong>sabor<\/strong>. Las micropart\u00edculas en suspensi\u00f3n permiten saborear nuevos matices y aromas en el aceite. El gusto se intensifica, lo encontraremos afrutado, ligeramente amargo y con un tono picante. Una explosi\u00f3n de sabor caracter\u00edstica del car\u00e1cter de juventud de las aceitunas. Estas micropart\u00edculas tambi\u00e9n har\u00e1n que estemos ante un aceite m\u00e1s <strong>nutritivo<\/strong>, m\u00e1s rico con fibra vegetal y antioxidantes.<\/p>\n<p>Y por \u00faltimo, su <strong>temporalidad<\/strong>, las micropart\u00edculas en suspensi\u00f3n finalmente sedimentan formando un poso, lo que hace que nuestro aceite del chorro, finalmente se convierta con aceite filtrado. Por tanto, cuando aparezca el sedimento, el color del aceite se clarificar\u00e1. Esto suele ocurrir entre los tres y los cinco meses despu\u00e9s de su prensa, sobre febrero o marzo.<\/p>\n<p>As\u00ed que ya sab\u00e9is, los mejores meses para disfrutar de este aceite tan especial son los de noviembre, diciembre y enero. \u00a1No despiste o se pierda esta experiencia gustativa!<\/p>\n<p>\u00a1Descubre nuestros aceites de calidad superior!<\/p>\n<p class=\"wp-embed-heading\"><a href=\"http:\/\/biosferacomestible.cat\/tenda\/oli-i-olivades\/primer-oli-de-la-temporada-oli-del-raig\/\"> Primer aceite de la temporada: ACEITE DE CHORRO La Picossa 5L <\/a><\/p>\n<\/div><\/div><\/div><\/div><\/div>","protected":false},"excerpt":{"rendered":"","protected":false},"author":2,"featured_media":5226,"comment_status":"closed","ping_status":"open","sticky":false,"template":"","format":"standard","meta":{"footnotes":""},"categories":[60],"tags":[],"class_list":["post-5225","post","type-post","status-publish","format-standard","has-post-thumbnail","hentry","category-blog"],"yoast_head":"<!-- This site is optimized with the Yoast SEO plugin v25.9 - https:\/\/yoast.com\/wordpress\/plugins\/seo\/ -->\n<title>Oli del raig - 7 de Ribera<\/title>\n<meta name=\"robots\" content=\"index, follow, max-snippet:-1, max-image-preview:large, max-video-preview:-1\" \/>\n<link rel=\"canonical\" href=\"https:\/\/7deribera.cat\/es\/oli-del-raig\/\" \/>\n<meta property=\"og:locale\" content=\"es_ES\" \/>\n<meta property=\"og:type\" content=\"article\" \/>\n<meta property=\"og:title\" content=\"Oli del raig - 7 de Ribera\" \/>\n<meta property=\"og:url\" content=\"https:\/\/7deribera.cat\/es\/oli-del-raig\/\" \/>\n<meta property=\"og:site_name\" content=\"7 de Ribera\" \/>\n<meta property=\"article:published_time\" content=\"2023-07-25T09:23:05+00:00\" \/>\n<meta property=\"article:modified_time\" content=\"2023-07-25T10:01:40+00:00\" \/>\n<meta property=\"og:image\" content=\"https:\/\/7deribera.cat\/wp-content\/uploads\/2023\/07\/Oli-del-raig.jpg\" \/>\n\t<meta property=\"og:image:width\" content=\"1138\" \/>\n\t<meta property=\"og:image:height\" content=\"450\" \/>\n\t<meta property=\"og:image:type\" content=\"image\/jpeg\" \/>\n<meta name=\"author\" content=\"maite\" \/>\n<meta name=\"twitter:card\" content=\"summary_large_image\" \/>\n<meta name=\"twitter:label1\" content=\"Escrito por\" \/>\n\t<meta name=\"twitter:data1\" content=\"maite\" \/>\n\t<meta name=\"twitter:label2\" content=\"Tiempo de lectura\" \/>\n\t<meta name=\"twitter:data2\" content=\"3 minutos\" \/>\n<script type=\"application\/ld+json\" class=\"yoast-schema-graph\">{\"@context\":\"https:\/\/schema.org\",\"@graph\":[{\"@type\":\"WebPage\",\"@id\":\"https:\/\/7deribera.cat\/oli-del-raig\/\",\"url\":\"https:\/\/7deribera.cat\/oli-del-raig\/\",\"name\":\"Oli del raig - 7 de Ribera\",\"isPartOf\":{\"@id\":\"https:\/\/7deribera.cat\/#website\"},\"primaryImageOfPage\":{\"@id\":\"https:\/\/7deribera.cat\/oli-del-raig\/#primaryimage\"},\"image\":{\"@id\":\"https:\/\/7deribera.cat\/oli-del-raig\/#primaryimage\"},\"thumbnailUrl\":\"https:\/\/7deribera.cat\/wp-content\/uploads\/2023\/07\/Oli-del-raig.jpg\",\"datePublished\":\"2023-07-25T09:23:05+00:00\",\"dateModified\":\"2023-07-25T10:01:40+00:00\",\"author\":{\"@id\":\"https:\/\/7deribera.cat\/#\/schema\/person\/a85ef74e037a95e907fd8415c4f6d145\"},\"breadcrumb\":{\"@id\":\"https:\/\/7deribera.cat\/oli-del-raig\/#breadcrumb\"},\"inLanguage\":\"es\",\"potentialAction\":[{\"@type\":\"ReadAction\",\"target\":[\"https:\/\/7deribera.cat\/oli-del-raig\/\"]}]},{\"@type\":\"ImageObject\",\"inLanguage\":\"es\",\"@id\":\"https:\/\/7deribera.cat\/oli-del-raig\/#primaryimage\",\"url\":\"https:\/\/7deribera.cat\/wp-content\/uploads\/2023\/07\/Oli-del-raig.jpg\",\"contentUrl\":\"https:\/\/7deribera.cat\/wp-content\/uploads\/2023\/07\/Oli-del-raig.jpg\",\"width\":1138,\"height\":450,\"caption\":\"Il\u00b7lustraci\u00f3 on es veuen dues branques d'olivera amb olives, un setrill ple d'oli i un lettering on posa \\\"Oli del raig\\\".\"},{\"@type\":\"BreadcrumbList\",\"@id\":\"https:\/\/7deribera.cat\/oli-del-raig\/#breadcrumb\",\"itemListElement\":[{\"@type\":\"ListItem\",\"position\":1,\"name\":\"Inici\",\"item\":\"https:\/\/7deribera.cat\/\"},{\"@type\":\"ListItem\",\"position\":2,\"name\":\"Oli del raig\"}]},{\"@type\":\"WebSite\",\"@id\":\"https:\/\/7deribera.cat\/#website\",\"url\":\"https:\/\/7deribera.cat\/\",\"name\":\"7 de Ribera\",\"description\":\"Biosfera Comestible\",\"potentialAction\":[{\"@type\":\"SearchAction\",\"target\":{\"@type\":\"EntryPoint\",\"urlTemplate\":\"https:\/\/7deribera.cat\/?s={search_term_string}\"},\"query-input\":{\"@type\":\"PropertyValueSpecification\",\"valueRequired\":true,\"valueName\":\"search_term_string\"}}],\"inLanguage\":\"es\"},{\"@type\":\"Person\",\"@id\":\"https:\/\/7deribera.cat\/#\/schema\/person\/a85ef74e037a95e907fd8415c4f6d145\",\"name\":\"maite\",\"image\":{\"@type\":\"ImageObject\",\"inLanguage\":\"es\",\"@id\":\"https:\/\/7deribera.cat\/#\/schema\/person\/image\/\",\"url\":\"https:\/\/secure.gravatar.com\/avatar\/ec53830059f577696ff10636b331dbfc99646a3bf2e96d1ab42b9342c79fbcf4?s=96&d=mm&r=g\",\"contentUrl\":\"https:\/\/secure.gravatar.com\/avatar\/ec53830059f577696ff10636b331dbfc99646a3bf2e96d1ab42b9342c79fbcf4?s=96&d=mm&r=g\",\"caption\":\"maite\"},\"url\":\"https:\/\/7deribera.cat\/es\/author\/maite\/\"}]}<\/script>\n<!-- \/ Yoast SEO plugin. -->","yoast_head_json":{"title":"Oli del raig - 7 de Ribera","robots":{"index":"index","follow":"follow","max-snippet":"max-snippet:-1","max-image-preview":"max-image-preview:large","max-video-preview":"max-video-preview:-1"},"canonical":"https:\/\/7deribera.cat\/es\/oli-del-raig\/","og_locale":"es_ES","og_type":"article","og_title":"Oli del raig - 7 de Ribera","og_url":"https:\/\/7deribera.cat\/es\/oli-del-raig\/","og_site_name":"7 de Ribera","article_published_time":"2023-07-25T09:23:05+00:00","article_modified_time":"2023-07-25T10:01:40+00:00","og_image":[{"width":1138,"height":450,"url":"https:\/\/7deribera.cat\/wp-content\/uploads\/2023\/07\/Oli-del-raig.jpg","type":"image\/jpeg"}],"author":"maite","twitter_card":"summary_large_image","twitter_misc":{"Escrito por":"maite","Tiempo de lectura":"3 minutos"},"schema":{"@context":"https:\/\/schema.org","@graph":[{"@type":"WebPage","@id":"https:\/\/7deribera.cat\/oli-del-raig\/","url":"https:\/\/7deribera.cat\/oli-del-raig\/","name":"Oli del raig - 7 de Ribera","isPartOf":{"@id":"https:\/\/7deribera.cat\/#website"},"primaryImageOfPage":{"@id":"https:\/\/7deribera.cat\/oli-del-raig\/#primaryimage"},"image":{"@id":"https:\/\/7deribera.cat\/oli-del-raig\/#primaryimage"},"thumbnailUrl":"https:\/\/7deribera.cat\/wp-content\/uploads\/2023\/07\/Oli-del-raig.jpg","datePublished":"2023-07-25T09:23:05+00:00","dateModified":"2023-07-25T10:01:40+00:00","author":{"@id":"https:\/\/7deribera.cat\/#\/schema\/person\/a85ef74e037a95e907fd8415c4f6d145"},"breadcrumb":{"@id":"https:\/\/7deribera.cat\/oli-del-raig\/#breadcrumb"},"inLanguage":"es","potentialAction":[{"@type":"ReadAction","target":["https:\/\/7deribera.cat\/oli-del-raig\/"]}]},{"@type":"ImageObject","inLanguage":"es","@id":"https:\/\/7deribera.cat\/oli-del-raig\/#primaryimage","url":"https:\/\/7deribera.cat\/wp-content\/uploads\/2023\/07\/Oli-del-raig.jpg","contentUrl":"https:\/\/7deribera.cat\/wp-content\/uploads\/2023\/07\/Oli-del-raig.jpg","width":1138,"height":450,"caption":"Il\u00b7lustraci\u00f3 on es veuen dues branques d'olivera amb olives, un setrill ple d'oli i un lettering on posa \"Oli del raig\"."},{"@type":"BreadcrumbList","@id":"https:\/\/7deribera.cat\/oli-del-raig\/#breadcrumb","itemListElement":[{"@type":"ListItem","position":1,"name":"Inici","item":"https:\/\/7deribera.cat\/"},{"@type":"ListItem","position":2,"name":"Oli del raig"}]},{"@type":"WebSite","@id":"https:\/\/7deribera.cat\/#website","url":"https:\/\/7deribera.cat\/","name":"7 de Ribera","description":"Biosfera Comestible","potentialAction":[{"@type":"SearchAction","target":{"@type":"EntryPoint","urlTemplate":"https:\/\/7deribera.cat\/?s={search_term_string}"},"query-input":{"@type":"PropertyValueSpecification","valueRequired":true,"valueName":"search_term_string"}}],"inLanguage":"es"},{"@type":"Person","@id":"https:\/\/7deribera.cat\/#\/schema\/person\/a85ef74e037a95e907fd8415c4f6d145","name":"maite","image":{"@type":"ImageObject","inLanguage":"es","@id":"https:\/\/7deribera.cat\/#\/schema\/person\/image\/","url":"https:\/\/secure.gravatar.com\/avatar\/ec53830059f577696ff10636b331dbfc99646a3bf2e96d1ab42b9342c79fbcf4?s=96&d=mm&r=g","contentUrl":"https:\/\/secure.gravatar.com\/avatar\/ec53830059f577696ff10636b331dbfc99646a3bf2e96d1ab42b9342c79fbcf4?s=96&d=mm&r=g","caption":"maite"},"url":"https:\/\/7deribera.cat\/es\/author\/maite\/"}]}},"_links":{"self":[{"href":"https:\/\/7deribera.cat\/es\/wp-json\/wp\/v2\/posts\/5225","targetHints":{"allow":["GET"]}}],"collection":[{"href":"https:\/\/7deribera.cat\/es\/wp-json\/wp\/v2\/posts"}],"about":[{"href":"https:\/\/7deribera.cat\/es\/wp-json\/wp\/v2\/types\/post"}],"author":[{"embeddable":true,"href":"https:\/\/7deribera.cat\/es\/wp-json\/wp\/v2\/users\/2"}],"replies":[{"embeddable":true,"href":"https:\/\/7deribera.cat\/es\/wp-json\/wp\/v2\/comments?post=5225"}],"version-history":[{"count":5,"href":"https:\/\/7deribera.cat\/es\/wp-json\/wp\/v2\/posts\/5225\/revisions"}],"predecessor-version":[{"id":5253,"href":"https:\/\/7deribera.cat\/es\/wp-json\/wp\/v2\/posts\/5225\/revisions\/5253"}],"wp:featuredmedia":[{"embeddable":true,"href":"https:\/\/7deribera.cat\/es\/wp-json\/wp\/v2\/media\/5226"}],"wp:attachment":[{"href":"https:\/\/7deribera.cat\/es\/wp-json\/wp\/v2\/media?parent=5225"}],"wp:term":[{"taxonomy":"category","embeddable":true,"href":"https:\/\/7deribera.cat\/es\/wp-json\/wp\/v2\/categories?post=5225"},{"taxonomy":"post_tag","embeddable":true,"href":"https:\/\/7deribera.cat\/es\/wp-json\/wp\/v2\/tags?post=5225"}],"curies":[{"name":"wp","href":"https:\/\/api.w.org\/{rel}","templated":true}]}}